{"id":73,"date":"2019-03-01T10:50:17","date_gmt":"2019-03-01T10:50:17","guid":{"rendered":"https:\/\/wp.icmm.csic.es\/curso-capas\/?p=73"},"modified":"2022-03-09T11:02:05","modified_gmt":"2022-03-09T11:02:05","slug":"nuevo-libro","status":"publish","type":"post","link":"https:\/\/wp.icmm.csic.es\/curso-capas\/nuevo-libro\/","title":{"rendered":"Nueva edici\u00f3n libro monogr\u00e1fico"},"content":{"rendered":"<p><a href=\"https:\/\/editorial.csic.es\/publicaciones\/libros\/13119\/0\/capas-delgadas-y-modificacion-superficial-de-mater.html\" target=\"_blank\" rel=\"noopener\"><img loading=\"lazy\" decoding=\"async\" class=\"alignnone size-medium wp-image-113 alignright\" src=\"https:\/\/wp.icmm.csic.es\/curso-capas\/wp-content\/uploads\/sites\/58\/2020\/03\/libro-2018-206x300.jpg\" alt=\"\" width=\"206\" height=\"300\" srcset=\"https:\/\/wp.icmm.csic.es\/curso-capas\/wp-content\/uploads\/sites\/58\/2020\/03\/libro-2018-206x300.jpg 206w, https:\/\/wp.icmm.csic.es\/curso-capas\/wp-content\/uploads\/sites\/58\/2020\/03\/libro-2018-704x1024.jpg 704w, https:\/\/wp.icmm.csic.es\/curso-capas\/wp-content\/uploads\/sites\/58\/2020\/03\/libro-2018-768x1117.jpg 768w, https:\/\/wp.icmm.csic.es\/curso-capas\/wp-content\/uploads\/sites\/58\/2020\/03\/libro-2018-1056x1536.jpg 1056w, https:\/\/wp.icmm.csic.es\/curso-capas\/wp-content\/uploads\/sites\/58\/2020\/03\/libro-2018-1409x2048.jpg 1409w, https:\/\/wp.icmm.csic.es\/curso-capas\/wp-content\/uploads\/sites\/58\/2020\/03\/libro-2018-scaled.jpg 1761w\" sizes=\"auto, (max-width: 206px) 100vw, 206px\" \/><\/a><\/p>\n<h3><\/h3>\n<h3>Capas delgadas y modificaci\u00f3n superficial de materiales.<\/h3>\n<p>Edici\u00f3n: Jos\u00e9 Mar\u00eda Albella Mart\u00edn. 2018.<\/p>\n<p>&nbsp;<\/p>\n<p><a href=\"https:\/\/editorial.csic.es\/publicaciones\/libros\/13119\/0\/capas-delgadas-y-modificacion-superficial-de-mater.html\" target=\"_blank\" rel=\"noopener\">editorial.csic.es<\/a><\/p>\n<p>&nbsp;<\/p>\n<p>&nbsp;<\/p>\n<p>&nbsp;<\/p>\n<p style=\"text-align: justify\">Han transcurrido varios a\u00f1os desde la aparici\u00f3n de L\u00e1minas delgadas y recubrimientos (CSIC, 2003), la obra de la que parte el presente volumen y que tuvo una gran acogida entre lectores y especialistas de habla espa\u00f1ola. Quiz\u00e1s ello se deba al enorme inter\u00e9s cient\u00edfico y tecnol\u00f3gico que despierta el estudio de materiales en forma de capa delgada, incluyendo sus aplicaciones en el tratamiento y la modificaci\u00f3n de las propiedades de la superficie de un s\u00f3lido. A lo largo de las \u00faltimas d\u00e9cadas, este campo se ha ido extendiendo paulatinamente con el desarrollo de nanoestructuras superficiales de variada funcionalidad, con gran impacto en nuestra sociedad. En este nuevo volumen, se pretende actualizar las nuevas herramientas de s\u00edntesis y de modificaci\u00f3n de las primeras capas at\u00f3micas de la superficie de materiales, incluyendo las aplicaciones en diversos sectores tecnol\u00f3gicos (fot\u00f3nica y optoelectr\u00f3nica, almacenamiento de datos, protecci\u00f3n metal\u00fargica en ambientes extremos, biomateriales, captaci\u00f3n de la energ\u00eda solar fotovoltaica o t\u00e9rmica, etc.). El texto describe con detalle conceptos muy variados, a veces complejos, de reciente aparici\u00f3n en la literatura cient\u00edfica, utilizando un lenguaje sencillo y accesible, pero con todo el rigor necesario. Est\u00e1 dirigido principalmente a estudiantes de m\u00e1ster o doctorado en facultades y escuelas de ingenier\u00eda, as\u00ed como a profesionales y t\u00e9cnicos de la industria interesados en adquirir una formaci\u00f3n s\u00f3lida en diferentes conceptos f\u00edsico-qu\u00edmicos, b\u00e1sicos y aplicados, relacionados con la funcionalizaci\u00f3n de superficies y la preparaci\u00f3n de capas delgadas.<\/p>\n","protected":false},"excerpt":{"rendered":"<p>Capas delgadas y modificaci\u00f3n superficial de materiales. Edici\u00f3n: Jos\u00e9 Mar\u00eda Albella Mart\u00edn. 2018. &nbsp; editorial.csic.es &nbsp; &nbsp; &nbsp; Han transcurrido varios a\u00f1os desde la aparici\u00f3n de L\u00e1minas delgadas y recubrimientos (CSIC, 2003), la obra de la que parte el presente volumen y que tuvo una gran acogida entre lectores y especialistas de habla espa\u00f1ola. Quiz\u00e1s [&hellip;]<\/p>\n","protected":false},"author":101,"featured_media":0,"comment_status":"closed","ping_status":"open","sticky":false,"template":"","format":"standard","meta":{"footnotes":""},"categories":[1],"tags":[],"class_list":["post-73","post","type-post","status-publish","format-standard","hentry","category-sin-categoria"],"_links":{"self":[{"href":"https:\/\/wp.icmm.csic.es\/curso-capas\/wp-json\/wp\/v2\/posts\/73","targetHints":{"allow":["GET"]}}],"collection":[{"href":"https:\/\/wp.icmm.csic.es\/curso-capas\/wp-json\/wp\/v2\/posts"}],"about":[{"href":"https:\/\/wp.icmm.csic.es\/curso-capas\/wp-json\/wp\/v2\/types\/post"}],"author":[{"embeddable":true,"href":"https:\/\/wp.icmm.csic.es\/curso-capas\/wp-json\/wp\/v2\/users\/101"}],"replies":[{"embeddable":true,"href":"https:\/\/wp.icmm.csic.es\/curso-capas\/wp-json\/wp\/v2\/comments?post=73"}],"version-history":[{"count":11,"href":"https:\/\/wp.icmm.csic.es\/curso-capas\/wp-json\/wp\/v2\/posts\/73\/revisions"}],"predecessor-version":[{"id":155,"href":"https:\/\/wp.icmm.csic.es\/curso-capas\/wp-json\/wp\/v2\/posts\/73\/revisions\/155"}],"wp:attachment":[{"href":"https:\/\/wp.icmm.csic.es\/curso-capas\/wp-json\/wp\/v2\/media?parent=73"}],"wp:term":[{"taxonomy":"category","embeddable":true,"href":"https:\/\/wp.icmm.csic.es\/curso-capas\/wp-json\/wp\/v2\/categories?post=73"},{"taxonomy":"post_tag","embeddable":true,"href":"https:\/\/wp.icmm.csic.es\/curso-capas\/wp-json\/wp\/v2\/tags?post=73"}],"curies":[{"name":"wp","href":"https:\/\/api.w.org\/{rel}","templated":true}]}}